{"id":6950,"date":"2013-05-06T06:18:10","date_gmt":"2013-05-06T06:18:10","guid":{"rendered":"http:\/\/hrcp-web.org\/hrcpweb\/?p=6950"},"modified":"2021-12-21T06:19:16","modified_gmt":"2021-12-21T06:19:16","slug":"fidh-pakistan-human-rights-in-pakistan-six-recommendations-ahead-of-the-elections-release-of-briefer","status":"publish","type":"post","link":"https:\/\/hrcp-web.org\/hrcpweb\/fidh-pakistan-human-rights-in-pakistan-six-recommendations-ahead-of-the-elections-release-of-briefer\/","title":{"rendered":"FIDH \u2013 Pakistan \/ Human rights in Pakistan: six recommendations ahead of the elections \u2013 Release of briefer"},"content":{"rendered":"<div class=\"fusion-fullwidth fullwidth-box fusion-builder-row-1 fusion-flex-container hundred-percent-fullwidth non-hundred-percent-height-scrolling\" style=\"background-color: #ffffff;background-position: center center;background-repeat: no-repeat;border-width: 0px 0px 0px 0px;border-color:#eae9e9;border-style:solid;\" ><div class=\"fusion-builder-row fusion-row fusion-flex-align-items-flex-start\" style=\"width:104% !important;max-width:104% !important;margin-left: calc(-4% \/ 2 );margin-right: calc(-4% \/ 2 );\"><div class=\"fusion-layout-column fusion_builder_column fusion-builder-column-0 fusion_builder_column_4_5 4_5 fusion-flex-column\"><div class=\"fusion-column-wrapper fusion-flex-justify-content-flex-start fusion-content-layout-column\" style=\"background-position:left top;background-repeat:no-repeat;-webkit-background-size:cover;-moz-background-size:cover;-o-background-size:cover;background-size:cover;padding: 0px 0px 0px 0px;\"><div class=\"fusion-text fusion-text-1\"><p>Good evening,<\/p>\n<p>As general elections are getting ready to take place in Pakistan, FIDH, in collaborations with its pakistani partner HRCP (Human Rights Commission of Pakistan), is releasing a briefer on the human rights situation in Pakistan. Our organisations call on the Pakistani government and the European Union to adopt a clear position on the following issues :<\/p>\n<ol>\n<li>Maintain democratic governance and rule of law<\/li>\n<li>Protect minorities, promote tolerance<\/li>\n<li>End impunity and promote accountability<\/li>\n<li>Protect women\u2019s rights<\/li>\n<li>Enhance economic and social rights<\/li>\n<li>Protect human rights defenders and journalists<\/li>\n<\/ol>\n<p>I invite you to read the full note on the <a href=\"http:\/\/www.fidh.org\/human-rights-in-pakistan-six-recommendations-ahead-of-the-elections-13211\" target=\"_blank\" rel=\"noopener\">recommendations to the Pakistani government and the European Union ahead of these elections<\/a> : <a href=\"http:\/\/www.fidh.org\/human-rights-in-pakistan-six-recommendations-ahead-of-the-elections-13211\" target=\"_blank\" rel=\"noopener\">www.fidh.org\/human-rights-in-pakistan-six-recommendations-ahead-of-the-elections-13211<\/a><\/p>\n<p>Don\u2019t hesitate to contact me should you have any questions.<\/p>\n<p>Best regards,<br \/>\nAudrey<\/p>\n<p>\u2014<br \/>\n<code>Audrey Couprie<br \/>\nPress Officer \/ Attach\u00e9e de presse<\/code><\/p>\n<p><code><\/code><\/p>\n<p>International Federation for Human Rights (FIDH)<br \/>\nF\u00e9d\u00e9ration internationale des ligues des droits de l&#8217;Homme (FIDH)<br \/>\n17, passage de la Main d&#8217;Or &#8211; 75011 Paris &#8211; France<\/p>\n<p><code><\/code><\/p>\n<p>Tel : <a href=\"tel:%2B33%201%2043%2055%2014%2012\" target=\"_blank\" rel=\"noopener\">+33 1 43 55 14 12<\/a><br \/>\nMobile : <a href=\"tel:%2B33%206%2048%2005%2091%2057\" target=\"_blank\" rel=\"noopener\">+33 6 48 05 91 57<\/a><br \/>\nEmail : <a href=\"mailto:acouprie@fidh.org\" target=\"_blank\" rel=\"noopener\">acouprie@fidh.org<\/a><br \/>\n:: <a href=\"https:\/\/twitter.com\/#%21\/fidh_en\" target=\"_blank\" rel=\"noopener\">FIDH on Twitter in English<\/a><br \/>\n:: <a href=\"https:\/\/twitter.com\/#%21\/fidh_fr\" target=\"_blank\" rel=\"noopener\">FIDH sur Twitter en fran\u00e7ais<\/a><\/p>\n<p><code>Help us get our Vice President released \/ Aidez-nous \u00e0 lib\u00e9rer notre Vice pr\u00e9sident<\/code><\/p>\n<div><\/div>\n<\/div><\/div><\/div><style type=\"text\/css\">.fusion-body .fusion-builder-column-0{width:80% !important;margin-top : 0px;margin-bottom : 20px;}.fusion-builder-column-0 > .fusion-column-wrapper {padding-top : 0px !important;padding-right : 0px !important;margin-right : 2.4%;padding-bottom : 0px !important;padding-left : 0px !important;margin-left : 2.4%;}@media only screen and (max-width:1024px) {.fusion-body .fusion-builder-column-0{width:100% !important;order : 0;}.fusion-builder-column-0 > .fusion-column-wrapper {margin-right : 1.92%;margin-left : 1.92%;}}@media only screen and (max-width:640px) {.fusion-body .fusion-builder-column-0{width:100% !important;order : 0;}.fusion-builder-column-0 > .fusion-column-wrapper {margin-right : 1.92%;margin-left : 1.92%;}}<\/style><div class=\"fusion-layout-column fusion_builder_column fusion-builder-column-1 fusion_builder_column_1_5 1_5 fusion-flex-column\"><div class=\"fusion-column-wrapper fusion-flex-justify-content-flex-start fusion-content-layout-column\" style=\"background-position:left top;background-repeat:no-repeat;-webkit-background-size:cover;-moz-background-size:cover;-o-background-size:cover;background-size:cover;padding: 0px 0px 0px 0px;\"><div class=\"fusion-widget-area fusion-widget-area-1 fusion-content-widget-area\"><style type=\"text\/css\">.fusion-widget-area-1 {padding:0px 0px 0px 0px;}.fusion-widget-area-1 .widget h4 {color:#333333;}.fusion-widget-area-1 .widget .heading h4 {color:#333333;}.fusion-widget-area-1 .widget h4 {font-size:18px;}.fusion-widget-area-1 .widget .heading h4 {font-size:18px;}<\/style><style type=\"text\/css\" data-id=\"tweets-widget-2\">#tweets-widget-2 li { border-color:#ebeaea;}<\/style><div id=\"tweets-widget-2\" class=\"widget tweets\" style=\"border-style: solid;border-color: #ebeaea;border-color:transparent;border-width:0px;\">\t\t\t\t\n\t\t<div style=\"overflow:hidden\">\n\t\t\t\t\t\t\t\t\t\t\t<a class=\"twitter-timeline\" data-dnt=\"true\" href=\"https:\/\/twitter.com\/HRCP87\" data-tweet-limit=\"5\" data-width=\"\" data-height=\"900\" width=\"\" height=\"900\" data-theme=\"light\" data-link-color=\"#ff9800\" data-border-color=\"#ebeaea\" data-chrome=\"\">Tweets by HRCP87<\/a>\n\t\t\t\t\t\t\t\n\t\t\t\t\t\t\t\t\t\t\t<script async src=\"\/\/platform.twitter.com\/widgets.js\" charset=\"utf-8\"><\/script>\n\t\t\t\t\t\t\t\n\t\t<\/div>\n\t\t<\/div><div class=\"fusion-additional-widget-content\"><\/div><\/div><\/div><\/div><style type=\"text\/css\">.fusion-body .fusion-builder-column-1{width:20% !important;margin-top : 0px;margin-bottom : 20px;}.fusion-builder-column-1 > .fusion-column-wrapper {padding-top : 0px !important;padding-right : 0px !important;margin-right : 9.6%;padding-bottom : 0px !important;padding-left : 0px !important;margin-left : 9.6%;}@media only screen and (max-width:1024px) {.fusion-body .fusion-builder-column-1{width:100% !important;order : 0;}.fusion-builder-column-1 > .fusion-column-wrapper {margin-right : 1.92%;margin-left : 1.92%;}}@media only screen and (max-width:640px) {.fusion-body .fusion-builder-column-1{width:100% !important;order : 0;}.fusion-builder-column-1 > .fusion-column-wrapper {margin-right : 1.92%;margin-left : 1.92%;}}<\/style><\/div><style type=\"text\/css\">.fusion-body .fusion-flex-container.fusion-builder-row-1{ padding-top : 0px;margin-top : 40px;padding-right : 0px;padding-bottom : 0px;margin-bottom : 0px;padding-left : 180px;}<\/style><\/div>\n","protected":false},"excerpt":{"rendered":"","protected":false},"author":10,"featured_media":0,"comment_status":"open","ping_status":"open","sticky":false,"template":"","format":"standard","meta":{"footnotes":""},"categories":[120],"tags":[],"class_list":["post-6950","post","type-post","status-publish","format-standard","hentry","category-english"],"yoast_head":"<!-- This site is optimized with the Yoast SEO plugin v26.9 - https:\/\/yoast.com\/product\/yoast-seo-wordpress\/ -->\n<title>FIDH \u2013 Pakistan \/ Human rights in Pakistan: six recommendations ahead of the elections \u2013 Release of briefer - HRCP<\/title>\n<meta name=\"robots\" content=\"index, follow, max-snippet:-1, max-image-preview:large, max-video-preview:-1\" \/>\n<link rel=\"canonical\" href=\"https:\/\/hrcp-web.org\/hrcpweb\/fidh-pakistan-human-rights-in-pakistan-six-recommendations-ahead-of-the-elections-release-of-briefer\/\" \/>\n<meta property=\"og:locale\" content=\"en_US\" \/>\n<meta property=\"og:type\" content=\"article\" \/>\n<meta property=\"og:title\" content=\"FIDH \u2013 Pakistan \/ Human rights in Pakistan: six recommendations ahead of the elections \u2013 Release of briefer - HRCP\" \/>\n<meta property=\"og:url\" content=\"https:\/\/hrcp-web.org\/hrcpweb\/fidh-pakistan-human-rights-in-pakistan-six-recommendations-ahead-of-the-elections-release-of-briefer\/\" \/>\n<meta property=\"og:site_name\" content=\"HRCP\" \/>\n<meta property=\"article:published_time\" content=\"2013-05-06T06:18:10+00:00\" \/>\n<meta property=\"article:modified_time\" content=\"2021-12-21T06:19:16+00:00\" \/>\n<meta property=\"og:image\" content=\"https:\/\/hrcp-web.org\/hrcpweb\/wp-content\/uploads\/2020\/09\/HRCPDefaultImage.jpg\" \/>\n\t<meta property=\"og:image:width\" content=\"540\" \/>\n\t<meta property=\"og:image:height\" content=\"302\" \/>\n\t<meta property=\"og:image:type\" content=\"image\/jpeg\" \/>\n<meta name=\"author\" content=\"Jamal Ahmad\" \/>\n<meta name=\"twitter:card\" content=\"summary_large_image\" \/>\n<meta name=\"twitter:label1\" content=\"Written by\" \/>\n\t<meta name=\"twitter:data1\" content=\"Jamal Ahmad\" \/>\n\t<meta name=\"twitter:label2\" content=\"Est. reading time\" \/>\n\t<meta name=\"twitter:data2\" content=\"5 minutes\" \/>\n<script type=\"application\/ld+json\" class=\"yoast-schema-graph\">{\"@context\":\"https:\/\/schema.org\",\"@graph\":[{\"@type\":\"Article\",\"@id\":\"https:\/\/hrcp-web.org\/hrcpweb\/fidh-pakistan-human-rights-in-pakistan-six-recommendations-ahead-of-the-elections-release-of-briefer\/#article\",\"isPartOf\":{\"@id\":\"https:\/\/hrcp-web.org\/hrcpweb\/fidh-pakistan-human-rights-in-pakistan-six-recommendations-ahead-of-the-elections-release-of-briefer\/\"},\"author\":{\"name\":\"Jamal Ahmad\",\"@id\":\"https:\/\/hrcp-web.org\/hrcpweb\/#\/schema\/person\/11dc4daa6f104abadceb84598ac1d679\"},\"headline\":\"FIDH \u2013 Pakistan \/ Human rights in Pakistan: six recommendations ahead of the elections \u2013 Release of briefer\",\"datePublished\":\"2013-05-06T06:18:10+00:00\",\"dateModified\":\"2021-12-21T06:19:16+00:00\",\"mainEntityOfPage\":{\"@id\":\"https:\/\/hrcp-web.org\/hrcpweb\/fidh-pakistan-human-rights-in-pakistan-six-recommendations-ahead-of-the-elections-release-of-briefer\/\"},\"wordCount\":1010,\"commentCount\":0,\"publisher\":{\"@id\":\"https:\/\/hrcp-web.org\/hrcpweb\/#organization\"},\"articleSection\":[\"English\"],\"inLanguage\":\"en-US\",\"potentialAction\":[{\"@type\":\"CommentAction\",\"name\":\"Comment\",\"target\":[\"https:\/\/hrcp-web.org\/hrcpweb\/fidh-pakistan-human-rights-in-pakistan-six-recommendations-ahead-of-the-elections-release-of-briefer\/#respond\"]}]},{\"@type\":\"WebPage\",\"@id\":\"https:\/\/hrcp-web.org\/hrcpweb\/fidh-pakistan-human-rights-in-pakistan-six-recommendations-ahead-of-the-elections-release-of-briefer\/\",\"url\":\"https:\/\/hrcp-web.org\/hrcpweb\/fidh-pakistan-human-rights-in-pakistan-six-recommendations-ahead-of-the-elections-release-of-briefer\/\",\"name\":\"FIDH \u2013 Pakistan \/ Human rights in Pakistan: six recommendations ahead of the elections \u2013 Release of briefer - HRCP\",\"isPartOf\":{\"@id\":\"https:\/\/hrcp-web.org\/hrcpweb\/#website\"},\"datePublished\":\"2013-05-06T06:18:10+00:00\",\"dateModified\":\"2021-12-21T06:19:16+00:00\",\"breadcrumb\":{\"@id\":\"https:\/\/hrcp-web.org\/hrcpweb\/fidh-pakistan-human-rights-in-pakistan-six-recommendations-ahead-of-the-elections-release-of-briefer\/#breadcrumb\"},\"inLanguage\":\"en-US\",\"potentialAction\":[{\"@type\":\"ReadAction\",\"target\":[\"https:\/\/hrcp-web.org\/hrcpweb\/fidh-pakistan-human-rights-in-pakistan-six-recommendations-ahead-of-the-elections-release-of-briefer\/\"]}]},{\"@type\":\"BreadcrumbList\",\"@id\":\"https:\/\/hrcp-web.org\/hrcpweb\/fidh-pakistan-human-rights-in-pakistan-six-recommendations-ahead-of-the-elections-release-of-briefer\/#breadcrumb\",\"itemListElement\":[{\"@type\":\"ListItem\",\"position\":1,\"name\":\"Home\",\"item\":\"https:\/\/hrcp-web.org\/hrcpweb\/\"},{\"@type\":\"ListItem\",\"position\":2,\"name\":\"FIDH \u2013 Pakistan \/ Human rights in Pakistan: six recommendations ahead of the elections \u2013 Release of briefer\"}]},{\"@type\":\"WebSite\",\"@id\":\"https:\/\/hrcp-web.org\/hrcpweb\/#website\",\"url\":\"https:\/\/hrcp-web.org\/hrcpweb\/\",\"name\":\"HRCP\",\"description\":\"Human Rights Commission of Pakistan\",\"publisher\":{\"@id\":\"https:\/\/hrcp-web.org\/hrcpweb\/#organization\"},\"potentialAction\":[{\"@type\":\"SearchAction\",\"target\":{\"@type\":\"EntryPoint\",\"urlTemplate\":\"https:\/\/hrcp-web.org\/hrcpweb\/?s={search_term_string}\"},\"query-input\":{\"@type\":\"PropertyValueSpecification\",\"valueRequired\":true,\"valueName\":\"search_term_string\"}}],\"inLanguage\":\"en-US\"},{\"@type\":\"Organization\",\"@id\":\"https:\/\/hrcp-web.org\/hrcpweb\/#organization\",\"name\":\"Human Rights Commission of Pakistan\",\"url\":\"https:\/\/hrcp-web.org\/hrcpweb\/\",\"logo\":{\"@type\":\"ImageObject\",\"inLanguage\":\"en-US\",\"@id\":\"https:\/\/hrcp-web.org\/hrcpweb\/#\/schema\/logo\/image\/\",\"url\":\"https:\/\/hrcp-web.org\/hrcpweb\/wp-content\/uploads\/2020\/09\/HRCPDefaultImage.jpg\",\"contentUrl\":\"https:\/\/hrcp-web.org\/hrcpweb\/wp-content\/uploads\/2020\/09\/HRCPDefaultImage.jpg\",\"width\":540,\"height\":302,\"caption\":\"Human Rights Commission of Pakistan\"},\"image\":{\"@id\":\"https:\/\/hrcp-web.org\/hrcpweb\/#\/schema\/logo\/image\/\"}},{\"@type\":\"Person\",\"@id\":\"https:\/\/hrcp-web.org\/hrcpweb\/#\/schema\/person\/11dc4daa6f104abadceb84598ac1d679\",\"name\":\"Jamal Ahmad\",\"image\":{\"@type\":\"ImageObject\",\"inLanguage\":\"en-US\",\"@id\":\"https:\/\/hrcp-web.org\/hrcpweb\/#\/schema\/person\/image\/\",\"url\":\"https:\/\/secure.gravatar.com\/avatar\/e08f59c4e3bfd509a8722a2c1832b1c419872a610f7a0b39f6687a0101a1dcbd?s=96&d=mm&r=g\",\"contentUrl\":\"https:\/\/secure.gravatar.com\/avatar\/e08f59c4e3bfd509a8722a2c1832b1c419872a610f7a0b39f6687a0101a1dcbd?s=96&d=mm&r=g\",\"caption\":\"Jamal Ahmad\"},\"url\":\"https:\/\/hrcp-web.org\/hrcpweb\/author\/jamal-ahmad\/\"}]}<\/script>\n<!-- \/ Yoast SEO plugin. -->","yoast_head_json":{"title":"FIDH \u2013 Pakistan \/ Human rights in Pakistan: six recommendations ahead of the elections \u2013 Release of briefer - HRCP","robots":{"index":"index","follow":"follow","max-snippet":"max-snippet:-1","max-image-preview":"max-image-preview:large","max-video-preview":"max-video-preview:-1"},"canonical":"https:\/\/hrcp-web.org\/hrcpweb\/fidh-pakistan-human-rights-in-pakistan-six-recommendations-ahead-of-the-elections-release-of-briefer\/","og_locale":"en_US","og_type":"article","og_title":"FIDH \u2013 Pakistan \/ Human rights in Pakistan: six recommendations ahead of the elections \u2013 Release of briefer - HRCP","og_url":"https:\/\/hrcp-web.org\/hrcpweb\/fidh-pakistan-human-rights-in-pakistan-six-recommendations-ahead-of-the-elections-release-of-briefer\/","og_site_name":"HRCP","article_published_time":"2013-05-06T06:18:10+00:00","article_modified_time":"2021-12-21T06:19:16+00:00","og_image":[{"width":540,"height":302,"url":"https:\/\/hrcp-web.org\/hrcpweb\/wp-content\/uploads\/2020\/09\/HRCPDefaultImage.jpg","type":"image\/jpeg"}],"author":"Jamal Ahmad","twitter_card":"summary_large_image","twitter_misc":{"Written by":"Jamal Ahmad","Est. reading time":"5 minutes"},"schema":{"@context":"https:\/\/schema.org","@graph":[{"@type":"Article","@id":"https:\/\/hrcp-web.org\/hrcpweb\/fidh-pakistan-human-rights-in-pakistan-six-recommendations-ahead-of-the-elections-release-of-briefer\/#article","isPartOf":{"@id":"https:\/\/hrcp-web.org\/hrcpweb\/fidh-pakistan-human-rights-in-pakistan-six-recommendations-ahead-of-the-elections-release-of-briefer\/"},"author":{"name":"Jamal Ahmad","@id":"https:\/\/hrcp-web.org\/hrcpweb\/#\/schema\/person\/11dc4daa6f104abadceb84598ac1d679"},"headline":"FIDH \u2013 Pakistan \/ Human rights in Pakistan: six recommendations ahead of the elections \u2013 Release of briefer","datePublished":"2013-05-06T06:18:10+00:00","dateModified":"2021-12-21T06:19:16+00:00","mainEntityOfPage":{"@id":"https:\/\/hrcp-web.org\/hrcpweb\/fidh-pakistan-human-rights-in-pakistan-six-recommendations-ahead-of-the-elections-release-of-briefer\/"},"wordCount":1010,"commentCount":0,"publisher":{"@id":"https:\/\/hrcp-web.org\/hrcpweb\/#organization"},"articleSection":["English"],"inLanguage":"en-US","potentialAction":[{"@type":"CommentAction","name":"Comment","target":["https:\/\/hrcp-web.org\/hrcpweb\/fidh-pakistan-human-rights-in-pakistan-six-recommendations-ahead-of-the-elections-release-of-briefer\/#respond"]}]},{"@type":"WebPage","@id":"https:\/\/hrcp-web.org\/hrcpweb\/fidh-pakistan-human-rights-in-pakistan-six-recommendations-ahead-of-the-elections-release-of-briefer\/","url":"https:\/\/hrcp-web.org\/hrcpweb\/fidh-pakistan-human-rights-in-pakistan-six-recommendations-ahead-of-the-elections-release-of-briefer\/","name":"FIDH \u2013 Pakistan \/ Human rights in Pakistan: six recommendations ahead of the elections \u2013 Release of briefer - HRCP","isPartOf":{"@id":"https:\/\/hrcp-web.org\/hrcpweb\/#website"},"datePublished":"2013-05-06T06:18:10+00:00","dateModified":"2021-12-21T06:19:16+00:00","breadcrumb":{"@id":"https:\/\/hrcp-web.org\/hrcpweb\/fidh-pakistan-human-rights-in-pakistan-six-recommendations-ahead-of-the-elections-release-of-briefer\/#breadcrumb"},"inLanguage":"en-US","potentialAction":[{"@type":"ReadAction","target":["https:\/\/hrcp-web.org\/hrcpweb\/fidh-pakistan-human-rights-in-pakistan-six-recommendations-ahead-of-the-elections-release-of-briefer\/"]}]},{"@type":"BreadcrumbList","@id":"https:\/\/hrcp-web.org\/hrcpweb\/fidh-pakistan-human-rights-in-pakistan-six-recommendations-ahead-of-the-elections-release-of-briefer\/#breadcrumb","itemListElement":[{"@type":"ListItem","position":1,"name":"Home","item":"https:\/\/hrcp-web.org\/hrcpweb\/"},{"@type":"ListItem","position":2,"name":"FIDH \u2013 Pakistan \/ Human rights in Pakistan: six recommendations ahead of the elections \u2013 Release of briefer"}]},{"@type":"WebSite","@id":"https:\/\/hrcp-web.org\/hrcpweb\/#website","url":"https:\/\/hrcp-web.org\/hrcpweb\/","name":"HRCP","description":"Human Rights Commission of Pakistan","publisher":{"@id":"https:\/\/hrcp-web.org\/hrcpweb\/#organization"},"potentialAction":[{"@type":"SearchAction","target":{"@type":"EntryPoint","urlTemplate":"https:\/\/hrcp-web.org\/hrcpweb\/?s={search_term_string}"},"query-input":{"@type":"PropertyValueSpecification","valueRequired":true,"valueName":"search_term_string"}}],"inLanguage":"en-US"},{"@type":"Organization","@id":"https:\/\/hrcp-web.org\/hrcpweb\/#organization","name":"Human Rights Commission of Pakistan","url":"https:\/\/hrcp-web.org\/hrcpweb\/","logo":{"@type":"ImageObject","inLanguage":"en-US","@id":"https:\/\/hrcp-web.org\/hrcpweb\/#\/schema\/logo\/image\/","url":"https:\/\/hrcp-web.org\/hrcpweb\/wp-content\/uploads\/2020\/09\/HRCPDefaultImage.jpg","contentUrl":"https:\/\/hrcp-web.org\/hrcpweb\/wp-content\/uploads\/2020\/09\/HRCPDefaultImage.jpg","width":540,"height":302,"caption":"Human Rights Commission of Pakistan"},"image":{"@id":"https:\/\/hrcp-web.org\/hrcpweb\/#\/schema\/logo\/image\/"}},{"@type":"Person","@id":"https:\/\/hrcp-web.org\/hrcpweb\/#\/schema\/person\/11dc4daa6f104abadceb84598ac1d679","name":"Jamal Ahmad","image":{"@type":"ImageObject","inLanguage":"en-US","@id":"https:\/\/hrcp-web.org\/hrcpweb\/#\/schema\/person\/image\/","url":"https:\/\/secure.gravatar.com\/avatar\/e08f59c4e3bfd509a8722a2c1832b1c419872a610f7a0b39f6687a0101a1dcbd?s=96&d=mm&r=g","contentUrl":"https:\/\/secure.gravatar.com\/avatar\/e08f59c4e3bfd509a8722a2c1832b1c419872a610f7a0b39f6687a0101a1dcbd?s=96&d=mm&r=g","caption":"Jamal Ahmad"},"url":"https:\/\/hrcp-web.org\/hrcpweb\/author\/jamal-ahmad\/"}]}},"_links":{"self":[{"href":"https:\/\/hrcp-web.org\/hrcpweb\/wp-json\/wp\/v2\/posts\/6950","targetHints":{"allow":["GET"]}}],"collection":[{"href":"https:\/\/hrcp-web.org\/hrcpweb\/wp-json\/wp\/v2\/posts"}],"about":[{"href":"https:\/\/hrcp-web.org\/hrcpweb\/wp-json\/wp\/v2\/types\/post"}],"author":[{"embeddable":true,"href":"https:\/\/hrcp-web.org\/hrcpweb\/wp-json\/wp\/v2\/users\/10"}],"replies":[{"embeddable":true,"href":"https:\/\/hrcp-web.org\/hrcpweb\/wp-json\/wp\/v2\/comments?post=6950"}],"version-history":[{"count":1,"href":"https:\/\/hrcp-web.org\/hrcpweb\/wp-json\/wp\/v2\/posts\/6950\/revisions"}],"predecessor-version":[{"id":6951,"href":"https:\/\/hrcp-web.org\/hrcpweb\/wp-json\/wp\/v2\/posts\/6950\/revisions\/6951"}],"wp:attachment":[{"href":"https:\/\/hrcp-web.org\/hrcpweb\/wp-json\/wp\/v2\/media?parent=6950"}],"wp:term":[{"taxonomy":"category","embeddable":true,"href":"https:\/\/hrcp-web.org\/hrcpweb\/wp-json\/wp\/v2\/categories?post=6950"},{"taxonomy":"post_tag","embeddable":true,"href":"https:\/\/hrcp-web.org\/hrcpweb\/wp-json\/wp\/v2\/tags?post=6950"}],"curies":[{"name":"wp","href":"https:\/\/api.w.org\/{rel}","templated":true}]}}